{"id":1315,"date":"2025-09-24T03:15:02","date_gmt":"2025-09-24T01:15:02","guid":{"rendered":"https:\/\/blog.jose-marcio.org\/blog\/?p=1315"},"modified":"2026-03-27T21:47:16","modified_gmt":"2026-03-27T20:47:16","slug":"a-qui-la-faute-des-morts-de-covid-au-bresil","status":"publish","type":"post","link":"https:\/\/blog.jose-marcio.org\/blog\/2025\/09\/24\/a-qui-la-faute-des-morts-de-covid-au-bresil\/","title":{"rendered":"\u00c0 qui la faute des morts de COVID au Br\u00e9sil ???"},"content":{"rendered":"<p>Je vois toujours passer des affirmations comme quoi trois quarts des d\u00e9c\u00e8s par COVID au Br\u00e9sil auraient pu \u00eatre \u00e9vit\u00e9s et que Bolsonaro est le fautif de ce nombre faramineux. On ne dit jamais d&rsquo;o\u00f9 vient ce chiffre, juste \u00ab\u00a0selon des experts\u00a0\u00bb, sans jamais dire qui sont ces \u00ab\u00a0experts\u00a0\u00bb.<\/p>\n<p>Donc, j&rsquo;ai voulu chercher d&rsquo;o\u00f9 vient cette affirmation, qui sont ces experts, si cette affirmation est justifi\u00e9e et vraie et si Bolsonaro serait le seul coupable.<\/p>\n<p>La r\u00e9ponse se trouve, tr\u00e8s certainement, dans la section correspondance des lecteurs de la revue <a href=\"https:\/\/www.thelancet.com\/journals\/lancet\/article\/PIIS0140-6736(21)00141-0\/fulltext\"><em>The Lancet<\/em><\/a> [1], envoy\u00e9e par Pedro C. Hallal, un chercheur br\u00e9silien en \u00e9pid\u00e9miologie.<\/p>\n<blockquote><p>Brazil&rsquo;s tragic COVID-19 policy comes with a price. With 211 million people, the Brazilian population represents 2,7% of the world&rsquo;s population. If Brazil accounted for 2,7% of global COVID-19 deaths (ie, performing as the global average in fighting the pandemic), 56\u2008311 people would have died. However, by Jan 21, 2021, 212\u2008893 people have died from COVID-19. In other words, 156\u2008582 lives were lost in the country because of underperformance. Attacking scientists will definitely not help solve the problem.<\/p><\/blockquote>\n<p>Donc, l&rsquo;auteur fait usage d&rsquo;une simple \u00ab\u00a0r\u00e8gle de 3\u00a0\u00bb pour estimer le nombre attendu de d\u00e9c\u00e8s, bas\u00e9 sur le nombre de d\u00e9c\u00e8s et la population dans le monde, ainsi que la population du Br\u00e9sil. Ainsi, il \u00ab\u00a0affirme\u00a0\u00bb que trois quarts des d\u00e9c\u00e8s r\u00e9sultent d&rsquo;une \u00ab\u00a0<em>underperformance<\/em>\u00a0\u00bb (euphemisme), qu&rsquo;il attribue totalement \u00e0 Bolsonaro.<\/p>\n<p>C&rsquo;est un calcul excessivement simplifi\u00e9 puisque rien ne dit que, d&rsquo;une part, les pays ont, tous, \u00e9t\u00e9 attaqu\u00e9s par la pand\u00e9mie avec la m\u00eame agressivit\u00e9 et, d&rsquo;autre part, que les facteurs internes (qualit\u00e9 du service de sant\u00e9, facteurs politiques\u2026,) sont les m\u00eames dans tous les pays du monde,<\/p>\n<p>Pour v\u00e9rifier la plausibilit\u00e9 de ces affirmations, nous allons refaire ces m\u00eames calculs pour un petit nombre d&rsquo;autres pays. L&rsquo;auteur ne mentionne pas la source de ces donn\u00e9es : nous allons prendre <a href=\"https:\/\/www.worldometers.info\/coronavirus\/\" target=\"_blank\" rel=\"noopener\"><em>worldometeres<\/em><\/a> [2], qui publie les donn\u00e9es officielles de chaque pays, et qui donne, pour le Br\u00e9sil, un r\u00e9sultat coh\u00e9rent avec le sien. Ce sont les donn\u00e9es officielles en fin de pand\u00e9mie.<\/p>\n<p>Vingt pays ont \u00e9t\u00e9 choisis parmi nos voisins en Europe et quelques autres avec une population significative. On prendra 8,1 milliards la population de la plan\u00e8te et 7,011 millions, le nombre total de d\u00e9c\u00e8s dans tous les pays, soit une moyenne mondiale de 865.5 d\u00e9c\u00e8s par million d&rsquo;habitants. Les r\u00e9sultats sont dans le tableau ci-dessous.<\/p>\n<p><img loading=\"lazy\" decoding=\"async\" class=\"wp-image-1338 size-full aligncenter\" src=\"https:\/\/blog.jose-marcio.org\/blog\/wp-content\/uploads\/2025\/09\/Screenshot-at-2025-09-30-14-44-43.png\" alt=\"\" width=\"769\" height=\"480\" srcset=\"https:\/\/blog.jose-marcio.org\/blog\/wp-content\/uploads\/2025\/09\/Screenshot-at-2025-09-30-14-44-43.png 769w, https:\/\/blog.jose-marcio.org\/blog\/wp-content\/uploads\/2025\/09\/Screenshot-at-2025-09-30-14-44-43-300x187.png 300w\" sizes=\"auto, (max-width: 769px) 100vw, 769px\" \/><\/p>\n<p>Quelles remarques on peut faire sur ce tableau ?<\/p>\n<ul>\n<li>le r\u00e9sultat pour le Br\u00e9sil obtenu par l&rsquo;auteur alors que la pand\u00e9mie \u00e9tait en cours est compatible avec les donn\u00e9es actuels. Les donn\u00e9es de l&rsquo;\u00e9poque ne sont plus disponibles.<\/li>\n<li>les plages de variation des deux derni\u00e8res colonnes indiquent que l&rsquo;impacte de la pand\u00e9mie est loin d&rsquo;\u00eatre homog\u00e8ne. D&rsquo;un point de vue statistique, utiliser juste la moyenne de donn\u00e9es avec variance importante comme estimation n&rsquo;a aucun sens.<\/li>\n<li>les deux pays les plus peupl\u00e9s ont eu un nombre de d\u00e9c\u00e8s bien inf\u00e9rieurs \u00e0 la moyenne alors qu&rsquo;ils comptent, juste les deux, \u00e0 35 % de la population de la plan\u00e8te. Ces r\u00e9sultats si bas font baisser la moyenne de morts et, par cons\u00e9quent, monter le ratio d\u00e9c\u00e8s\/moyenne. Si on enl\u00e8ve les donn\u00e9es de ces deux pays, le r\u00e9sultat pour le Br\u00e9sil retombe \u00e0 62 %.<\/li>\n<li>plusieurs pays pr\u00e9sentent des r\u00e9sultats similaires \u00e0 celui du Br\u00e9sil : France, Italie, Gr\u00e8ce, Royaume-Uni, Allemagne, \u00c9tats-Unis, Espagne, Russie, &#8230;. Peut-on accuser leurs dirigeants de mauvaise gestion de la pand\u00e9mie, ou d&rsquo;attaque \u00e0 la science, comme l&rsquo;auteur fait avec le Br\u00e9sil ? Pourquoi, donc ?<\/li>\n<li>xxx<\/li>\n<\/ul>\n<p>Donc, l&rsquo;analyse bas\u00e9e sur ces chiffres, faite par ce chercheur est fausse.<\/p>\n<p>Alors, regardons les reproches que sont faites \u00e0 Bolsonaro, et essayer d&rsquo;identifier quelques causes de la mortalit\u00e9.<\/p>\n<ul>\n<li>Son attachement \u00e0 l&rsquo;Hydroxychloroquine et Ivermectine. Une solution de facilit\u00e9. Il a effectivement \u00e9t\u00e9 obnubil\u00e9 par la proposition du Prof Didier Raoult. C&rsquo;\u00e9tait s\u00fbrement une grosse erreur puisque ce m\u00e9dicament n&rsquo;a jamais \u00e9t\u00e9 valid\u00e9 scientifiquement, la publication de Didier Raoult a \u00e9t\u00e9 retir\u00e9e et il a \u00e9t\u00e9 interdit d&rsquo;exercice de la m\u00e9decine pendant deux ans. N\u00e9anmoins, c&rsquo;est un chercheur avec une renomm\u00e9e mondiale.<\/li>\n<li>l&rsquo;opposition \u00e0 la vaccination &#8211; Bolsonaro \u00e9tait contraire \u00e0 la vaccination et le disait clairement \u00e0 ses supporteurs. Pour l&rsquo;anecdote, il disait que ceux qui se feraient vacciner risquaient de se transformer en crocodile. Une blague de mauvais go\u00fbt. N\u00e9anmoins, il a fait le n\u00e9cessaire pour rendre le vaccin disponible d\u00e8s que l&rsquo;organisme d&rsquo;homologation l&rsquo;a valid\u00e9e (17 janvier 2021) et m\u00eame plus t\u00f4t que plusieurs autres pays.<\/li>\n<li>l&rsquo;opposition au confinement strict &#8211; c&rsquo;est probablement une mauvaise id\u00e9e, mais on peut comprendre pourquoi Bolsonaro a voulu cela. Le taux d&#8217;emploi informel (au noir) est de l&rsquo;ordre de 40 % de la population active, avec, environ 40 millions de personnes dans cette cat\u00e9gorie [3] [4]. Si ces personnes restent sans activit\u00e9, elles perdraient automatiquement leurs revenus et l&rsquo;\u00c9tat ne pourra pas compenser un tel niveau de d\u00e9pendance. Un point de vie discutable, certes, mais pas sans fondement. Par ailleurs, ce sujet est largement discut\u00e9 dans, par exemple, [5] et ses r\u00e9f\u00e9rences.<\/li>\n<\/ul>\n<p>Il est int\u00e9ressant de remarquer que, Bolsonaro \u00e9tant un politicien de droite, c&rsquo;est la gauche qui, en France, a eu la m\u00eame attitude que Bolsonaro. Jean-Luc M\u00e9lenchon, patron de LFI (La France Insoumise) s&rsquo;est oppos\u00e9 \u00e0 la vaccination, puisque bas\u00e9e sur l&rsquo;ARN messager. Pour se justifier il a m\u00eame sorti comme argument : \u00ab\u00a0ayant v\u00e9cu longtemps au Jura, terre de Pasteur, je sais ce que c&rsquo;est un vaccin\u00a0\u00bb (sic). Fran\u00e7ois Ruffin, un cadre de LFI s&rsquo;est oppos\u00e9 au confinement, demandant aux fran\u00e7ais de s\u2019insurger et ne pas le respecter, estimant que le confinement portait attente \u00e0 la libert\u00e9 de circulation. Et pourtant, personne a accus\u00e9 les politiciens d&rsquo;attaque \u00e0 la science, de \u00ab\u00a0g\u00e9nocide\u00a0\u00bb ou \u00ab\u00a0crime contre l&rsquo;humanit\u00e9\u00a0\u00bb, comme l&rsquo;a fait la gauche br\u00e9silienne.<\/p>\n<p>Parlons maintenant des autres facteurs impactant n\u00e9gativement la gestion de la pand\u00e9mie. Comme beaucoup de pays, le Br\u00e9sil a beaucoup souffert de cet \u00e9v\u00e9nement inattendu. Manque de moyens, syst\u00e8me de sant\u00e9 d\u00e9ficient ont fait qu&rsquo;il a fallu construire des h\u00f4pitaux de campagne ou se fournir de diverses fournitures : respirateurs, masques, m\u00e9dicaments, etc. Ceci a cr\u00e9\u00e9 un nombre important d&rsquo;opportunit\u00e9s d&rsquo;erreurs de gestion, voire de l&rsquo;improbit\u00e9 administrative. Je cite quelques exemples embl\u00e9matiques.<\/p>\n<ul>\n<li>L&rsquo;auteur du courrier publi\u00e9 parle du manque d&rsquo;oxyg\u00e8ne en Manaus, capital de l&rsquo;\u00c9tat d&rsquo;Amazones, mais il ne dit pas tout. Lorsque le ministre de la Sant\u00e9 est all\u00e9 \u00e0 Manaus, il a pris connaissance de ce probl\u00e8me et a fait le n\u00e9cessaire pour que des avions de l&rsquo;arm\u00e9e soient adapt\u00e9s au transport de bouteilles d&rsquo;oxyg\u00e8ne et les portent jusqu&rsquo;\u00e0 Manaus. Livrer ce type de produit en Amazonie par voie routi\u00e8re est infaisable. Cette adaptation a dur\u00e9 une semaine. Mais le plus grave est que le gouvernement de l&rsquo;\u00c9tat d&rsquo;Amazones a command\u00e9 des respirateurs COVID \u00e0 un marchand de vin, qui n&rsquo;avait aucune exp\u00e9rience dans ce type de produit. Des respirateurs ont \u00e9t\u00e9 livr\u00e9s, mais pas adapt\u00e9s \u00e0 la COVID et surfactur\u00e9s de 300 %.<\/li>\n<li>Le gouverneur de Rio ainsi que le secr\u00e9taire de la Sant\u00e9 de Rio de Janeiro ont \u00e9t\u00e9 destitu\u00e9s par improbit\u00e9 administrative dans l&rsquo;achat d&rsquo;un h\u00f4pital de campagne et de l&rsquo;achat de respirateurs.<\/li>\n<li>Le \u00ab\u00a0Consorcio do Nordeste\u00a0\u00bb, un groupement d&rsquo;achats des \u00e9tats du nord est br\u00e9silien, a command\u00e9, sans licitation, 300 respirateurs chez un distributeur de produits d\u00e9riv\u00e9s de Canabidiol. La commande a \u00e9t\u00e9 regl\u00e9 d&rsquo;avance, pour 48 millions de Reais (environ 10 millions d&rsquo;Euros). Aucun respirateur n&rsquo;a \u00e9t\u00e9 livr\u00e9 et l&rsquo;avance n&rsquo;a pas \u00e9t\u00e9 rembours\u00e9. Le directeur du consortium \u00e9tait le gouverneur de Bahia et actuellement ministre de Lula. Une enqu\u00eate judiciaire est toujours en cours.<\/li>\n<li>le 14 avril 2020, moins d&rsquo;un mois apr\u00e8s le d\u00e9but de la pand\u00e9mie, ne faisant pas confiance \u00e0 Bolsonaro, les gouverneurs des \u00c9tats ont obtenu de la Cour Supr\u00eame (STF) l&rsquo;autorisation pour d\u00e9finir eux m\u00eames la strat\u00e9gie de gestion de la pand\u00e9mie. Il est ind\u00e9niable que les gouverneurs, \u00e0 partir de ce moment, sont devenus coresponsables du nombre excessif de d\u00e9c\u00e8s dans leurs \u00e9tats.<\/li>\n<\/ul>\n<p>Reste la question : quel est le vrai nombre de d\u00e9c\u00e8s qui auraient pu \u00eatre \u00e9vit\u00e9s, vu que l&rsquo;estimative de l&rsquo;auteur est fausse. Et aussi, quelle est la vraie partie attribuable \u00e0 Bolsonaro e \u00e0 ceux qui ont pratiqu\u00e9 de la mauvaise gestion ou de l&rsquo;improbit\u00e9 administrative ? Des chiffres impossibles \u00e0 estimer.<\/p>\n<p>Bolsonaro a \u00e9t\u00e9 mal conseill\u00e9, y compris par des m\u00e9decins et des scientifiques.<\/p>\n<p>La gestion de la pand\u00e9mie a \u00e9t\u00e9 attaqu\u00e9e aussi par le militantisme politique, tant de droite comme de gauche, y compris par des scientifiques. Chaque c\u00f4t\u00e9, par manque d&rsquo;esprit critique, ne voyait que les fautes de la partie adverse. On le constate ais\u00e9ment dans cet article. Ceci a emp\u00each\u00e9 tout dialogue constructif et pourrait \u00eatre aussi la cause d&rsquo;un certain nombre de d\u00e9c\u00e8s.<\/p>\n<p>18 mois apr\u00e8s cette premi\u00e8re publication, Pedro Hallal revient avec une nouvelle lettre, cette fois-ci avec un contenu beaucoup plus politique . Ce qu&rsquo;il faut savoir est que le pays est compl\u00e8tement polaris\u00e9 et les discussions sont devenues passionnelles et sans objectivit\u00e9. Si on veut conna\u00eetre la v\u00e9rit\u00e9, il faut beaucoup se m\u00e9fier et ne pas rester sur les explications d&rsquo;un seul c\u00f4t\u00e9.<\/p>\n<p>Pour conclure, on peut dire que Bolsonaro, par ses opinions personnelles, a pu influencer des br\u00e9siliens et est probablement \u00e0 l&rsquo;origine d&rsquo;un nombre de d\u00e9c\u00e8s, mais il n&rsquo;est pas le seul fautif. La corruption de politiciens autres que lui est aussi \u00e0 l&rsquo;origine de nombre de morts. Il est irresponsable de l&rsquo;accuser avec des chiffres erron\u00e9s.<\/p>\n<hr \/>\n<h2>R\u00e9f\u00e9rences<\/h2>\n<p>[1] Hallal, Pedro C.<strong> <a href=\"https:\/\/www.thelancet.com\/journals\/lancet\/article\/PIIS0140-6736(21)00141-0\/fulltext\" target=\"_blank\" rel=\"noopener\">SOS Brasil &#8211; Science under attack<\/a><\/strong> &#8211; The Lancet, Volume 397, Issue 10272, 373 &#8211; 374. <span class=\"meta-panel__middle-content\"><span class=\"meta-panel__onlineDate\">January 30, 2021<\/span><\/span><\/p>\n<div>[1a] Mundt, Adrian <a href=\"https:\/\/www.thelancet.com\/journals\/lancet\/article\/PIIS0140-6736(21)00529-8\/fulltext\" target=\"_blank\" rel=\"noopener\"><strong>A A<\/strong><\/a><b>ssessing government responsibility for COVID-19 deaths &#8211; <\/b>The Lancet, 2021; 397, 1345<\/div>\n<p>[2] <a href=\"https:\/\/www.worldometers.info\/coronavirus\/\" target=\"_blank\" rel=\"noopener\"><strong>Worldometers.info &#8211; Coronavirus<\/strong><\/a><\/p>\n<p>[3] Estadao Economia : <a href=\"https:\/\/economia.uol.com.br\/noticias\/estadao-conteudo\/2025\/01\/31\/ibge-aponta-que-a-ocupacao-informal-ainda-supera-40-milhoes-no-pais.htm\" target=\"_blank\" rel=\"noopener\">IBGE aponta que a ocupacao informal ainda supera 40 milhoes no pais<\/a><\/p>\n<p>[4] IPEA\u00a0 (Instituto de Pesquisa Econ\u00f4mica Aplicada) &#8211;\u00a0<strong><a href=\"https:\/\/www.ipea.gov.br\/portal\/retrato\/indicadores\/mercado-de-trabalho\/desemprego-informalidade-subutilizacao-e-inatividade\/apresentacao\" target=\"_blank\" rel=\"noopener\">Desemprego informalidade subutilizacao e inatividad<\/a><a href=\"https:\/\/www.ipea.gov.br\/portal\/retrato\/indicadores\/mercado-de-trabalho\/desemprego-informalidade-subutilizacao-e-inatividade\/apresentacao\" target=\"_blank\" rel=\"noopener\">e<\/a> &#8211; Retrato das desigualdades de g\u00eanero e ra\u00e7a<\/strong><\/p>\n<p>[5] Byttebier, K. (2022). <strong><a href=\"https:\/\/link.springer.com\/chapter\/10.1007\/978-3-030-92901-5_7\" target=\"_blank\" rel=\"noopener\">Covid-19\u2019s Impact on Labour<\/a><\/strong>. In: Covid-19 and Capitalism. Economic and Financial Law &amp; Policy \u2013 Shifting Insights &amp; Values, vol 7. Springer, Cham. https:\/\/doi.org\/10.1007\/978-3-030-92901-5_7<\/p>\n<p>[6] Hallal, Pedro C. <a href=\"https:\/\/www.thelancet.com\/journals\/lancet\/article\/PIIS0140-6736(22)01196-5\/fulltext\" target=\"_blank\" rel=\"noopener\">SOS Brazil: democracy under attack<\/a> &#8211; The Lancet, Volume 400, Issue 10349, 355, <span class=\"meta-panel__middle-content\"><span class=\"meta-panel__onlineDate\">July 30, 2022<\/span><\/span>.<\/p>\n","protected":false},"excerpt":{"rendered":"<p>Je vois toujours passer des affirmations comme quoi trois quarts des d\u00e9c\u00e8s par COVID au Br\u00e9sil auraient pu \u00eatre \u00e9vit\u00e9s et que Bolsonaro est le fautif de ce nombre faramineux. On ne dit jamais d&rsquo;o\u00f9 vient ce chiffre, juste \u00ab\u00a0selon<\/p>\n","protected":false},"author":1,"featured_media":0,"comment_status":"closed","ping_status":"open","sticky":false,"template":"","format":"standard","meta":{"footnotes":""},"categories":[1,21,19,6],"tags":[],"class_list":["post-1315","post","type-post","status-publish","format-standard","hentry","category-non-classe","category-politique","category-sciences","category-societe","comments-off"],"_links":{"self":[{"href":"https:\/\/blog.jose-marcio.org\/blog\/wp-json\/wp\/v2\/posts\/1315","targetHints":{"allow":["GET"]}}],"collection":[{"href":"https:\/\/blog.jose-marcio.org\/blog\/wp-json\/wp\/v2\/posts"}],"about":[{"href":"https:\/\/blog.jose-marcio.org\/blog\/wp-json\/wp\/v2\/types\/post"}],"author":[{"embeddable":true,"href":"https:\/\/blog.jose-marcio.org\/blog\/wp-json\/wp\/v2\/users\/1"}],"replies":[{"embeddable":true,"href":"https:\/\/blog.jose-marcio.org\/blog\/wp-json\/wp\/v2\/comments?post=1315"}],"version-history":[{"count":22,"href":"https:\/\/blog.jose-marcio.org\/blog\/wp-json\/wp\/v2\/posts\/1315\/revisions"}],"predecessor-version":[{"id":1359,"href":"https:\/\/blog.jose-marcio.org\/blog\/wp-json\/wp\/v2\/posts\/1315\/revisions\/1359"}],"wp:attachment":[{"href":"https:\/\/blog.jose-marcio.org\/blog\/wp-json\/wp\/v2\/media?parent=1315"}],"wp:term":[{"taxonomy":"category","embeddable":true,"href":"https:\/\/blog.jose-marcio.org\/blog\/wp-json\/wp\/v2\/categories?post=1315"},{"taxonomy":"post_tag","embeddable":true,"href":"https:\/\/blog.jose-marcio.org\/blog\/wp-json\/wp\/v2\/tags?post=1315"}],"curies":[{"name":"wp","href":"https:\/\/api.w.org\/{rel}","templated":true}]}}