{"id":1304,"date":"2025-07-13T00:33:42","date_gmt":"2025-07-12T22:33:42","guid":{"rendered":"https:\/\/blog.jose-marcio.org\/blog\/?p=1304"},"modified":"2025-07-13T00:33:42","modified_gmt":"2025-07-12T22:33:42","slug":"la-situation-des-femmes-selon-le-hamas","status":"publish","type":"post","link":"https:\/\/blog.jose-marcio.org\/blog\/2025\/07\/13\/la-situation-des-femmes-selon-le-hamas\/","title":{"rendered":"La situation des femmes selon le Hamas"},"content":{"rendered":"<p data-start=\"0\" data-end=\"308\"><strong>Obs : Ceci est la r\u00e9ponse de ChatGPT au titre de cet article<\/strong><\/p>\n<hr \/>\n<p data-start=\"0\" data-end=\"308\">La situation des femmes selon le Hamas est profond\u00e9ment d\u00e9termin\u00e9e par sa vision religieuse fondamentaliste issue de l\u2019id\u00e9ologie des <strong data-start=\"133\" data-end=\"153\">Fr\u00e8res musulmans<\/strong>. Cette vision assigne aux femmes un r\u00f4le strictement d\u00e9fini, bas\u00e9 sur une lecture litt\u00e9raliste de l\u2019islam et sur une conception patriarcale de la soci\u00e9t\u00e9.<\/p>\n<p data-start=\"310\" data-end=\"343\">Voici les points cl\u00e9s \u00e0 retenir :<\/p>\n<hr data-start=\"345\" data-end=\"348\" \/>\n<h2 data-start=\"350\" data-end=\"386\">\ud83d\udcdc 1. <strong data-start=\"359\" data-end=\"386\">Fondements id\u00e9ologiques<\/strong><\/h2>\n<p data-start=\"388\" data-end=\"614\">La <strong data-start=\"391\" data-end=\"428\">charte fondatrice du Hamas (1988)<\/strong> d\u00e9crit explicitement la femme comme <strong data-start=\"465\" data-end=\"492\">\u00ab\u00a0la m\u00e8re du combattant\u00a0\u00bb<\/strong> et <strong data-start=\"496\" data-end=\"532\">gardienne de la morale islamique<\/strong>, appelant \u00e0 son engagement dans la lutte mais uniquement dans un cadre prescrit :<\/p>\n<blockquote data-start=\"616\" data-end=\"803\">\n<p data-start=\"618\" data-end=\"803\"><em data-start=\"618\" data-end=\"786\">\u00ab\u00a0La femme dans la maison du jihad est la plus d\u00e9vou\u00e9e des combattantes. Elle a un r\u00f4le vital dans l\u2019\u00e9ducation des enfants et la pr\u00e9servation de la culture islamique.\u00a0\u00bb<\/em> (Charte de 1988)<\/p>\n<\/blockquote>\n<p data-start=\"805\" data-end=\"960\">\ud83d\udc49 Cela signifie qu&rsquo;elle doit \u00eatre <strong data-start=\"840\" data-end=\"864\">active dans la lutte<\/strong>, mais \u00e0 travers la <strong data-start=\"884\" data-end=\"897\">maternit\u00e9<\/strong>, l\u2019\u00e9ducation islamique des enfants, et le soutien aux martyrs.<\/p>\n<hr data-start=\"962\" data-end=\"965\" \/>\n<h2 data-start=\"967\" data-end=\"1009\">\ud83d\udc69\u200d\u2696\ufe0f 2. <strong data-start=\"979\" data-end=\"1009\">Statut juridique et social<\/strong><\/h2>\n<p data-start=\"1011\" data-end=\"1129\">Sous le contr\u00f4le du Hamas \u00e0 Gaza (depuis 2007), les femmes subissent plusieurs <strong data-start=\"1090\" data-end=\"1127\">restrictions de type th\u00e9ocratique<\/strong> :<\/p>\n<ul data-start=\"1131\" data-end=\"1552\">\n<li data-start=\"1131\" data-end=\"1239\">\n<p data-start=\"1133\" data-end=\"1239\"><strong data-start=\"1133\" data-end=\"1162\">Port du hijab obligatoire<\/strong> dans les institutions publiques et fortement encourag\u00e9 dans l\u2019espace public.<\/p>\n<\/li>\n<li data-start=\"1240\" data-end=\"1302\">\n<p data-start=\"1242\" data-end=\"1302\"><strong data-start=\"1242\" data-end=\"1260\">Mixit\u00e9 limit\u00e9e<\/strong> dans les \u00e9coles, universit\u00e9s, caf\u00e9s, etc.<\/p>\n<\/li>\n<li data-start=\"1303\" data-end=\"1427\">\n<p data-start=\"1305\" data-end=\"1427\"><strong data-start=\"1305\" data-end=\"1381\">Interdiction implicite de certaines professions ou apparitions publiques<\/strong>, sauf en conformit\u00e9 avec la morale islamique.<\/p>\n<\/li>\n<li data-start=\"1428\" data-end=\"1552\">\n<p data-start=\"1430\" data-end=\"1552\"><strong data-start=\"1430\" data-end=\"1459\">Pressions sociales fortes<\/strong> sur les femmes activistes, artistes ou journalistes jug\u00e9es \u201cimmorales\u201d ou \u201coccidentalis\u00e9es\u201d.<\/p>\n<\/li>\n<\/ul>\n<p data-start=\"1554\" data-end=\"1720\">\u27a1\ufe0f Par exemple, en 2021, des femmes ont \u00e9t\u00e9 <strong data-start=\"1598\" data-end=\"1636\">interdites de voyager \u00e0 l&rsquo;\u00e9tranger<\/strong> sans l&rsquo;autorisation d\u2019un tuteur masculin, d\u00e9cision ensuite suspendue sous pression.<\/p>\n<hr data-start=\"1722\" data-end=\"1725\" \/>\n<h2 data-start=\"1727\" data-end=\"1769\">\ud83d\udcf5 3. <strong data-start=\"1736\" data-end=\"1769\">R\u00e9pression des voix f\u00e9minines<\/strong><\/h2>\n<p data-start=\"1771\" data-end=\"1867\">Les mouvements f\u00e9minins progressistes ou f\u00e9ministes sont <strong data-start=\"1828\" data-end=\"1865\">\u00e9touff\u00e9s, surveill\u00e9s ou infiltr\u00e9s<\/strong> :<\/p>\n<ul data-start=\"1869\" data-end=\"2268\">\n<li data-start=\"1869\" data-end=\"1958\">\n<p data-start=\"1871\" data-end=\"1958\"><strong data-start=\"1871\" data-end=\"1888\">ONG f\u00e9minines<\/strong> \u00e0 Gaza doivent se conformer \u00e0 la ligne islamiste, ou sont interdites.<\/p>\n<\/li>\n<li data-start=\"1959\" data-end=\"2067\">\n<p data-start=\"1961\" data-end=\"2067\">Les <strong data-start=\"1965\" data-end=\"2001\">militantes la\u00efques ou f\u00e9ministes<\/strong> sont souvent accus\u00e9es de collaborer avec des \u201cforces \u00e9trang\u00e8res\u201d.<\/p>\n<\/li>\n<li data-start=\"2068\" data-end=\"2268\">\n<p data-start=\"2070\" data-end=\"2268\"><strong data-start=\"2070\" data-end=\"2107\">L\u2019activisme f\u00e9ministe ind\u00e9pendant<\/strong> est tr\u00e8s limit\u00e9 voire clandestin, en particulier autour des th\u00e8mes comme les <strong data-start=\"2185\" data-end=\"2219\">droits sexuels et reproductifs<\/strong> ou <strong data-start=\"2223\" data-end=\"2267\">la lutte contre les violences conjugales<\/strong>.<\/p>\n<\/li>\n<\/ul>\n<hr data-start=\"2270\" data-end=\"2273\" \/>\n<h2 data-start=\"2275\" data-end=\"2309\">\u2694\ufe0f 4. <strong data-start=\"2284\" data-end=\"2309\">Femmes et lutte arm\u00e9e<\/strong><\/h2>\n<ul data-start=\"2311\" data-end=\"2734\">\n<li data-start=\"2311\" data-end=\"2484\">\n<p data-start=\"2313\" data-end=\"2484\">Le Hamas tol\u00e8re l\u2019implication des femmes <strong data-start=\"2354\" data-end=\"2376\">dans la r\u00e9sistance<\/strong> (par ex. attentats-suicides dans les ann\u00e9es 2000), mais <strong data-start=\"2433\" data-end=\"2483\">uniquement quand cela sert la cause religieuse<\/strong>.<\/p>\n<\/li>\n<li data-start=\"2485\" data-end=\"2613\">\n<p data-start=\"2487\" data-end=\"2613\">Elles sont pr\u00e9sent\u00e9es comme <strong data-start=\"2515\" data-end=\"2529\">\u00ab\u00a0martyres\u00a0\u00bb<\/strong>, valoris\u00e9es en tant qu\u2019<strong data-start=\"2553\" data-end=\"2578\">ic\u00f4nes sacrificielles<\/strong>, pas comme combattantes autonomes.<\/p>\n<\/li>\n<li data-start=\"2614\" data-end=\"2734\">\n<p data-start=\"2616\" data-end=\"2734\">Il n&rsquo;existe pas de <strong data-start=\"2635\" data-end=\"2657\">brigades f\u00e9minines<\/strong> de m\u00eame importance que celles des hommes dans l&rsquo;appareil militaire du Hamas.<\/p>\n<\/li>\n<\/ul>\n<hr data-start=\"2736\" data-end=\"2739\" \/>\n<h2 data-start=\"2741\" data-end=\"2781\">\ud83d\udcda 5. <strong data-start=\"2750\" data-end=\"2781\">\u00c9ducation et endoctrinement<\/strong><\/h2>\n<ul data-start=\"2783\" data-end=\"3124\">\n<li data-start=\"2783\" data-end=\"2925\">\n<p data-start=\"2785\" data-end=\"2925\">Les filles ont acc\u00e8s \u00e0 l\u2019\u00e9ducation, mais le <strong data-start=\"2829\" data-end=\"2849\">contenu scolaire<\/strong> dans les \u00e9coles g\u00e9r\u00e9es par le Hamas est <strong data-start=\"2890\" data-end=\"2924\">religieux, genr\u00e9 et id\u00e9ologis\u00e9<\/strong>.<\/p>\n<\/li>\n<li data-start=\"2926\" data-end=\"3018\">\n<p data-start=\"2928\" data-end=\"3018\">On y promeut une <strong data-start=\"2945\" data-end=\"2976\">identit\u00e9 f\u00e9minine sacrifi\u00e9e<\/strong> \u00e0 la cause, soumise \u00e0 Dieu et aux hommes.<\/p>\n<\/li>\n<li data-start=\"3019\" data-end=\"3124\">\n<p data-start=\"3021\" data-end=\"3124\">Le f\u00e9minisme est pr\u00e9sent\u00e9 comme une <strong data-start=\"3057\" data-end=\"3089\">d\u00e9rive occidentale d\u00e9cadente<\/strong>, contraire aux valeurs islamiques.<\/p>\n<\/li>\n<\/ul>\n<hr data-start=\"3126\" data-end=\"3129\" \/>\n<h2 data-start=\"3131\" data-end=\"3145\">\u2757Conclusion<\/h2>\n<p data-start=\"3147\" data-end=\"3205\">La condition des femmes sous le Hamas se caract\u00e9rise par :<\/p>\n<div class=\"_tableContainer_80l1q_1\">\n<div class=\"_tableWrapper_80l1q_14 group flex w-fit flex-col-reverse\" tabindex=\"-1\">\n<table class=\"w-fit min-w-(--thread-content-width)\" data-start=\"3207\" data-end=\"3932\">\n<thead data-start=\"3207\" data-end=\"3297\">\n<tr data-start=\"3207\" data-end=\"3297\">\n<th data-start=\"3207\" data-end=\"3236\" data-col-size=\"sm\">Aspect<\/th>\n<th data-start=\"3236\" data-end=\"3297\" data-col-size=\"md\">R\u00e9alit\u00e9 sous le Hamas<\/th>\n<\/tr>\n<\/thead>\n<tbody data-start=\"3389\" data-end=\"3932\">\n<tr data-start=\"3389\" data-end=\"3478\">\n<td data-start=\"3389\" data-end=\"3417\" data-col-size=\"sm\">R\u00f4le social<\/td>\n<td data-col-size=\"md\" data-start=\"3417\" data-end=\"3478\">\u00c9pouse, m\u00e8re, gardienne de la morale islamique<\/td>\n<\/tr>\n<tr data-start=\"3479\" data-end=\"3569\">\n<td data-start=\"3479\" data-end=\"3507\" data-col-size=\"sm\">Droits individuels<\/td>\n<td data-col-size=\"md\" data-start=\"3507\" data-end=\"3569\">Fortement restreints, d\u00e9pendance au patriarcat l\u00e9gal<\/td>\n<\/tr>\n<tr data-start=\"3570\" data-end=\"3660\">\n<td data-start=\"3570\" data-end=\"3598\" data-col-size=\"sm\">Libert\u00e9 d\u2019expression<\/td>\n<td data-col-size=\"md\" data-start=\"3598\" data-end=\"3660\">R\u00e9prim\u00e9e si contraire \u00e0 l\u2019islam politique<\/td>\n<\/tr>\n<tr data-start=\"3661\" data-end=\"3751\">\n<td data-start=\"3661\" data-end=\"3689\" data-col-size=\"sm\">Activisme f\u00e9ministe<\/td>\n<td data-col-size=\"md\" data-start=\"3689\" data-end=\"3751\">Suspect\u00e9 de trahison culturelle<\/td>\n<\/tr>\n<tr data-start=\"3752\" data-end=\"3842\">\n<td data-start=\"3752\" data-end=\"3780\" data-col-size=\"sm\">\u00c9ducation<\/td>\n<td data-col-size=\"md\" data-start=\"3780\" data-end=\"3842\">Autoris\u00e9e, mais endoctrin\u00e9e et genr\u00e9e<\/td>\n<\/tr>\n<tr data-start=\"3843\" data-end=\"3932\">\n<td data-start=\"3843\" data-end=\"3871\" data-col-size=\"sm\">Libert\u00e9s sexuelles<\/td>\n<td data-col-size=\"md\" data-start=\"3871\" data-end=\"3932\">Tabou total, r\u00e9pression des LGBTQ+<\/td>\n<\/tr>\n<\/tbody>\n<\/table>\n<\/div>\n<\/div>\n","protected":false},"excerpt":{"rendered":"<p>Obs : Ceci est la r\u00e9ponse de ChatGPT au titre de cet article La situation des femmes selon le Hamas est profond\u00e9ment d\u00e9termin\u00e9e par sa vision religieuse fondamentaliste issue de l\u2019id\u00e9ologie des Fr\u00e8res musulmans. Cette vision assigne aux femmes un<\/p>\n","protected":false},"author":1,"featured_media":0,"comment_status":"closed","ping_status":"open","sticky":false,"template":"","format":"standard","meta":{"footnotes":""},"categories":[1],"tags":[],"class_list":["post-1304","post","type-post","status-publish","format-standard","hentry","category-non-classe","comments-off"],"_links":{"self":[{"href":"https:\/\/blog.jose-marcio.org\/blog\/wp-json\/wp\/v2\/posts\/1304","targetHints":{"allow":["GET"]}}],"collection":[{"href":"https:\/\/blog.jose-marcio.org\/blog\/wp-json\/wp\/v2\/posts"}],"about":[{"href":"https:\/\/blog.jose-marcio.org\/blog\/wp-json\/wp\/v2\/types\/post"}],"author":[{"embeddable":true,"href":"https:\/\/blog.jose-marcio.org\/blog\/wp-json\/wp\/v2\/users\/1"}],"replies":[{"embeddable":true,"href":"https:\/\/blog.jose-marcio.org\/blog\/wp-json\/wp\/v2\/comments?post=1304"}],"version-history":[{"count":2,"href":"https:\/\/blog.jose-marcio.org\/blog\/wp-json\/wp\/v2\/posts\/1304\/revisions"}],"predecessor-version":[{"id":1306,"href":"https:\/\/blog.jose-marcio.org\/blog\/wp-json\/wp\/v2\/posts\/1304\/revisions\/1306"}],"wp:attachment":[{"href":"https:\/\/blog.jose-marcio.org\/blog\/wp-json\/wp\/v2\/media?parent=1304"}],"wp:term":[{"taxonomy":"category","embeddable":true,"href":"https:\/\/blog.jose-marcio.org\/blog\/wp-json\/wp\/v2\/categories?post=1304"},{"taxonomy":"post_tag","embeddable":true,"href":"https:\/\/blog.jose-marcio.org\/blog\/wp-json\/wp\/v2\/tags?post=1304"}],"curies":[{"name":"wp","href":"https:\/\/api.w.org\/{rel}","templated":true}]}}